{"id":10224,"date":"2015-07-27T07:58:36","date_gmt":"2015-07-27T07:58:36","guid":{"rendered":"https:\/\/www.rexel.com\/?p=10224"},"modified":"2025-07-07T08:02:41","modified_gmt":"2025-07-07T08:02:41","slug":"assemblee-generale-extraordinaire-du-27-juillet-2015","status":"publish","type":"post","link":"https:\/\/www.rexel.com\/fr\/assemblee-generale-extraordinaire-du-27-juillet-2015","title":{"rendered":"Assembl\u00e9e g\u00e9n\u00e9rale extraordinaire du 27 juillet 2015"},"content":{"rendered":"","protected":false},"excerpt":{"rendered":"","protected":false},"author":6,"featured_media":0,"comment_status":"open","ping_status":"open","sticky":false,"template":"","format":"standard","meta":{"_acf_changed":false,"footnotes":""},"categories":[40],"tags":[],"news_year":[],"news_format":[48],"class_list":["post-10224","post","type-post","status-publish","format-standard","hentry","category-finance","news_format-communique_de_presse"],"acf":[],"yoast_head":"<!-- This site is optimized with the Yoast SEO plugin v26.1.1 - https:\/\/yoast.com\/wordpress\/plugins\/seo\/ -->\n<title>Assembl\u00e9e g\u00e9n\u00e9rale extraordinaire du 27 juillet 2015 - Rexel - Un monde d&#039;\u00e9nergie<\/title>\n<meta name=\"robots\" content=\"index, follow, max-snippet:-1, max-image-preview:large, max-video-preview:-1\" \/>\n<link rel=\"canonical\" href=\"https:\/\/www.rexel.com\/fr\/assemblee-generale-extraordinaire-du-27-juillet-2015\" \/>\n<meta property=\"og:locale\" content=\"fr_FR\" \/>\n<meta property=\"og:type\" content=\"article\" \/>\n<meta property=\"og:title\" content=\"Assembl\u00e9e g\u00e9n\u00e9rale extraordinaire du 27 juillet 2015 - Rexel - Un monde d&#039;\u00e9nergie\" \/>\n<meta property=\"og:url\" content=\"https:\/\/www.rexel.com\/fr\/assemblee-generale-extraordinaire-du-27-juillet-2015\" \/>\n<meta property=\"og:site_name\" content=\"Rexel - Un monde d&#039;\u00e9nergie\" \/>\n<meta property=\"article:published_time\" content=\"2015-07-27T07:58:36+00:00\" \/>\n<meta property=\"article:modified_time\" content=\"2025-07-07T08:02:41+00:00\" \/>\n<meta property=\"og:image\" content=\"https:\/\/www.rexel.com\/app\/uploads\/2025\/05\/feel-the-energy.jpg\" \/>\n\t<meta property=\"og:image:width\" content=\"1920\" \/>\n\t<meta property=\"og:image:height\" content=\"1080\" \/>\n\t<meta property=\"og:image:type\" content=\"image\/jpeg\" \/>\n<meta name=\"author\" content=\"Alexandre Guillemin\" \/>\n<meta name=\"twitter:card\" content=\"summary_large_image\" \/>\n<meta name=\"twitter:label1\" content=\"\u00c9crit par\" \/>\n\t<meta name=\"twitter:data1\" content=\"Alexandre Guillemin\" \/>\n<script type=\"application\/ld+json\" class=\"yoast-schema-graph\">{\"@context\":\"https:\/\/schema.org\",\"@graph\":[{\"@type\":\"Article\",\"@id\":\"https:\/\/www.rexel.com\/fr\/assemblee-generale-extraordinaire-du-27-juillet-2015#article\",\"isPartOf\":{\"@id\":\"https:\/\/www.rexel.com\/fr\/assemblee-generale-extraordinaire-du-27-juillet-2015\"},\"author\":{\"name\":\"Alexandre Guillemin\",\"@id\":\"https:\/\/www.rexel.com\/fr\/#\/schema\/person\/7a586a9bf0bf95787ee10ad5880f11a2\"},\"headline\":\"Assembl\u00e9e g\u00e9n\u00e9rale extraordinaire du 27 juillet 2015\",\"datePublished\":\"2015-07-27T07:58:36+00:00\",\"dateModified\":\"2025-07-07T08:02:41+00:00\",\"mainEntityOfPage\":{\"@id\":\"https:\/\/www.rexel.com\/fr\/assemblee-generale-extraordinaire-du-27-juillet-2015\"},\"wordCount\":8,\"commentCount\":0,\"publisher\":{\"@id\":\"https:\/\/www.rexel.com\/fr\/#organization\"},\"articleSection\":[\"Finance\"],\"inLanguage\":\"fr-FR\",\"potentialAction\":[{\"@type\":\"CommentAction\",\"name\":\"Comment\",\"target\":[\"https:\/\/www.rexel.com\/fr\/assemblee-generale-extraordinaire-du-27-juillet-2015#respond\"]}]},{\"@type\":\"WebPage\",\"@id\":\"https:\/\/www.rexel.com\/fr\/assemblee-generale-extraordinaire-du-27-juillet-2015\",\"url\":\"https:\/\/www.rexel.com\/fr\/assemblee-generale-extraordinaire-du-27-juillet-2015\",\"name\":\"Assembl\u00e9e g\u00e9n\u00e9rale extraordinaire du 27 juillet 2015 - Rexel - Un monde d&#039;\u00e9nergie\",\"isPartOf\":{\"@id\":\"https:\/\/www.rexel.com\/fr\/#website\"},\"datePublished\":\"2015-07-27T07:58:36+00:00\",\"dateModified\":\"2025-07-07T08:02:41+00:00\",\"breadcrumb\":{\"@id\":\"https:\/\/www.rexel.com\/fr\/assemblee-generale-extraordinaire-du-27-juillet-2015#breadcrumb\"},\"inLanguage\":\"fr-FR\",\"potentialAction\":[{\"@type\":\"ReadAction\",\"target\":[\"https:\/\/www.rexel.com\/fr\/assemblee-generale-extraordinaire-du-27-juillet-2015\"]}]},{\"@type\":\"BreadcrumbList\",\"@id\":\"https:\/\/www.rexel.com\/fr\/assemblee-generale-extraordinaire-du-27-juillet-2015#breadcrumb\",\"itemListElement\":[{\"@type\":\"ListItem\",\"position\":1,\"name\":\"Accueil\",\"item\":\"https:\/\/www.rexel.com\/fr\"},{\"@type\":\"ListItem\",\"position\":2,\"name\":\"Assembl\u00e9e g\u00e9n\u00e9rale extraordinaire du 27 juillet 2015\"}]},{\"@type\":\"WebSite\",\"@id\":\"https:\/\/www.rexel.com\/fr\/#website\",\"url\":\"https:\/\/www.rexel.com\/fr\/\",\"name\":\"Rexel - Un monde d\u2019\u00e9nergie\",\"description\":\"\",\"publisher\":{\"@id\":\"https:\/\/www.rexel.com\/fr\/#organization\"},\"potentialAction\":[{\"@type\":\"SearchAction\",\"target\":{\"@type\":\"EntryPoint\",\"urlTemplate\":\"https:\/\/www.rexel.com\/fr\/?s={search_term_string}\"},\"query-input\":{\"@type\":\"PropertyValueSpecification\",\"valueRequired\":true,\"valueName\":\"search_term_string\"}}],\"inLanguage\":\"fr-FR\"},{\"@type\":\"Organization\",\"@id\":\"https:\/\/www.rexel.com\/fr\/#organization\",\"name\":\"Rexel\",\"url\":\"https:\/\/www.rexel.com\/fr\/\",\"logo\":{\"@type\":\"ImageObject\",\"inLanguage\":\"fr-FR\",\"@id\":\"https:\/\/www.rexel.com\/fr\/#\/schema\/logo\/image\/\",\"url\":\"https:\/\/www.rexel.com\/app\/uploads\/2025\/10\/Logo-Rexel.png\",\"contentUrl\":\"https:\/\/www.rexel.com\/app\/uploads\/2025\/10\/Logo-Rexel.png\",\"width\":120,\"height\":46,\"caption\":\"Rexel\"},\"image\":{\"@id\":\"https:\/\/www.rexel.com\/fr\/#\/schema\/logo\/image\/\"}},{\"@type\":\"Person\",\"@id\":\"https:\/\/www.rexel.com\/fr\/#\/schema\/person\/7a586a9bf0bf95787ee10ad5880f11a2\",\"name\":\"Alexandre Guillemin\",\"image\":{\"@type\":\"ImageObject\",\"inLanguage\":\"fr-FR\",\"@id\":\"https:\/\/www.rexel.com\/fr\/#\/schema\/person\/image\/\",\"url\":\"https:\/\/secure.gravatar.com\/avatar\/0ae0d5d6ca2b1aece5d11070dd99abde85071350a5fd3182e2196a3ff9daf901?s=96&d=mm&r=g\",\"contentUrl\":\"https:\/\/secure.gravatar.com\/avatar\/0ae0d5d6ca2b1aece5d11070dd99abde85071350a5fd3182e2196a3ff9daf901?s=96&d=mm&r=g\",\"caption\":\"Alexandre Guillemin\"}}]}<\/script>\n<!-- \/ Yoast SEO plugin. -->","yoast_head_json":{"title":"Assembl\u00e9e g\u00e9n\u00e9rale extraordinaire du 27 juillet 2015 - Rexel - Un monde d&#039;\u00e9nergie","robots":{"index":"index","follow":"follow","max-snippet":"max-snippet:-1","max-image-preview":"max-image-preview:large","max-video-preview":"max-video-preview:-1"},"canonical":"https:\/\/www.rexel.com\/fr\/assemblee-generale-extraordinaire-du-27-juillet-2015","og_locale":"fr_FR","og_type":"article","og_title":"Assembl\u00e9e g\u00e9n\u00e9rale extraordinaire du 27 juillet 2015 - Rexel - Un monde d&#039;\u00e9nergie","og_url":"https:\/\/www.rexel.com\/fr\/assemblee-generale-extraordinaire-du-27-juillet-2015","og_site_name":"Rexel - Un monde d&#039;\u00e9nergie","article_published_time":"2015-07-27T07:58:36+00:00","article_modified_time":"2025-07-07T08:02:41+00:00","og_image":[{"width":1920,"height":1080,"url":"https:\/\/www.rexel.com\/app\/uploads\/2025\/05\/feel-the-energy.jpg","type":"image\/jpeg"}],"author":"Alexandre Guillemin","twitter_card":"summary_large_image","twitter_misc":{"\u00c9crit par":"Alexandre Guillemin"},"schema":{"@context":"https:\/\/schema.org","@graph":[{"@type":"Article","@id":"https:\/\/www.rexel.com\/fr\/assemblee-generale-extraordinaire-du-27-juillet-2015#article","isPartOf":{"@id":"https:\/\/www.rexel.com\/fr\/assemblee-generale-extraordinaire-du-27-juillet-2015"},"author":{"name":"Alexandre Guillemin","@id":"https:\/\/www.rexel.com\/fr\/#\/schema\/person\/7a586a9bf0bf95787ee10ad5880f11a2"},"headline":"Assembl\u00e9e g\u00e9n\u00e9rale extraordinaire du 27 juillet 2015","datePublished":"2015-07-27T07:58:36+00:00","dateModified":"2025-07-07T08:02:41+00:00","mainEntityOfPage":{"@id":"https:\/\/www.rexel.com\/fr\/assemblee-generale-extraordinaire-du-27-juillet-2015"},"wordCount":8,"commentCount":0,"publisher":{"@id":"https:\/\/www.rexel.com\/fr\/#organization"},"articleSection":["Finance"],"inLanguage":"fr-FR","potentialAction":[{"@type":"CommentAction","name":"Comment","target":["https:\/\/www.rexel.com\/fr\/assemblee-generale-extraordinaire-du-27-juillet-2015#respond"]}]},{"@type":"WebPage","@id":"https:\/\/www.rexel.com\/fr\/assemblee-generale-extraordinaire-du-27-juillet-2015","url":"https:\/\/www.rexel.com\/fr\/assemblee-generale-extraordinaire-du-27-juillet-2015","name":"Assembl\u00e9e g\u00e9n\u00e9rale extraordinaire du 27 juillet 2015 - Rexel - Un monde d&#039;\u00e9nergie","isPartOf":{"@id":"https:\/\/www.rexel.com\/fr\/#website"},"datePublished":"2015-07-27T07:58:36+00:00","dateModified":"2025-07-07T08:02:41+00:00","breadcrumb":{"@id":"https:\/\/www.rexel.com\/fr\/assemblee-generale-extraordinaire-du-27-juillet-2015#breadcrumb"},"inLanguage":"fr-FR","potentialAction":[{"@type":"ReadAction","target":["https:\/\/www.rexel.com\/fr\/assemblee-generale-extraordinaire-du-27-juillet-2015"]}]},{"@type":"BreadcrumbList","@id":"https:\/\/www.rexel.com\/fr\/assemblee-generale-extraordinaire-du-27-juillet-2015#breadcrumb","itemListElement":[{"@type":"ListItem","position":1,"name":"Accueil","item":"https:\/\/www.rexel.com\/fr"},{"@type":"ListItem","position":2,"name":"Assembl\u00e9e g\u00e9n\u00e9rale extraordinaire du 27 juillet 2015"}]},{"@type":"WebSite","@id":"https:\/\/www.rexel.com\/fr\/#website","url":"https:\/\/www.rexel.com\/fr\/","name":"Rexel - Un monde d\u2019\u00e9nergie","description":"","publisher":{"@id":"https:\/\/www.rexel.com\/fr\/#organization"},"potentialAction":[{"@type":"SearchAction","target":{"@type":"EntryPoint","urlTemplate":"https:\/\/www.rexel.com\/fr\/?s={search_term_string}"},"query-input":{"@type":"PropertyValueSpecification","valueRequired":true,"valueName":"search_term_string"}}],"inLanguage":"fr-FR"},{"@type":"Organization","@id":"https:\/\/www.rexel.com\/fr\/#organization","name":"Rexel","url":"https:\/\/www.rexel.com\/fr\/","logo":{"@type":"ImageObject","inLanguage":"fr-FR","@id":"https:\/\/www.rexel.com\/fr\/#\/schema\/logo\/image\/","url":"https:\/\/www.rexel.com\/app\/uploads\/2025\/10\/Logo-Rexel.png","contentUrl":"https:\/\/www.rexel.com\/app\/uploads\/2025\/10\/Logo-Rexel.png","width":120,"height":46,"caption":"Rexel"},"image":{"@id":"https:\/\/www.rexel.com\/fr\/#\/schema\/logo\/image\/"}},{"@type":"Person","@id":"https:\/\/www.rexel.com\/fr\/#\/schema\/person\/7a586a9bf0bf95787ee10ad5880f11a2","name":"Alexandre Guillemin","image":{"@type":"ImageObject","inLanguage":"fr-FR","@id":"https:\/\/www.rexel.com\/fr\/#\/schema\/person\/image\/","url":"https:\/\/secure.gravatar.com\/avatar\/0ae0d5d6ca2b1aece5d11070dd99abde85071350a5fd3182e2196a3ff9daf901?s=96&d=mm&r=g","contentUrl":"https:\/\/secure.gravatar.com\/avatar\/0ae0d5d6ca2b1aece5d11070dd99abde85071350a5fd3182e2196a3ff9daf901?s=96&d=mm&r=g","caption":"Alexandre Guillemin"}}]}},"_links":{"self":[{"href":"https:\/\/www.rexel.com\/fr\/wp-json\/wp\/v2\/posts\/10224","targetHints":{"allow":["GET"]}}],"collection":[{"href":"https:\/\/www.rexel.com\/fr\/wp-json\/wp\/v2\/posts"}],"about":[{"href":"https:\/\/www.rexel.com\/fr\/wp-json\/wp\/v2\/types\/post"}],"author":[{"embeddable":true,"href":"https:\/\/www.rexel.com\/fr\/wp-json\/wp\/v2\/users\/6"}],"replies":[{"embeddable":true,"href":"https:\/\/www.rexel.com\/fr\/wp-json\/wp\/v2\/comments?post=10224"}],"version-history":[{"count":1,"href":"https:\/\/www.rexel.com\/fr\/wp-json\/wp\/v2\/posts\/10224\/revisions"}],"predecessor-version":[{"id":10234,"href":"https:\/\/www.rexel.com\/fr\/wp-json\/wp\/v2\/posts\/10224\/revisions\/10234"}],"wp:attachment":[{"href":"https:\/\/www.rexel.com\/fr\/wp-json\/wp\/v2\/media?parent=10224"}],"wp:term":[{"taxonomy":"category","embeddable":true,"href":"https:\/\/www.rexel.com\/fr\/wp-json\/wp\/v2\/categories?post=10224"},{"taxonomy":"post_tag","embeddable":true,"href":"https:\/\/www.rexel.com\/fr\/wp-json\/wp\/v2\/tags?post=10224"},{"taxonomy":"news_year","embeddable":true,"href":"https:\/\/www.rexel.com\/fr\/wp-json\/wp\/v2\/news_year?post=10224"},{"taxonomy":"news_format","embeddable":true,"href":"https:\/\/www.rexel.com\/fr\/wp-json\/wp\/v2\/news_format?post=10224"}],"curies":[{"name":"wp","href":"https:\/\/api.w.org\/{rel}","templated":true}]}}